{"id":5418,"date":"2022-07-05T16:28:22","date_gmt":"2022-07-05T19:28:22","guid":{"rendered":"http:\/\/ums.com.uy\/2022\/mar\/?p=5418"},"modified":"2022-07-05T16:31:39","modified_gmt":"2022-07-05T19:31:39","slug":"uruguay-ofrece-su-logistica-portuaria-para-apoyar-exportaciones-paraguayas","status":"publish","type":"post","link":"https:\/\/ums.com.uy\/2022\/mar\/en\/2022\/07\/05\/uruguay-ofrece-su-logistica-portuaria-para-apoyar-exportaciones-paraguayas\/","title":{"rendered":"Uruguay offers its port logistics to support Paraguayan exports"},"content":{"rendered":"<p>El <strong>President of Uruguay, Luis Lacalle Pou,<\/strong> indicated that the geographical position and port vocation of his country will be very useful for Paraguayan production to grow in terms of production and exports.<!--more--><\/p>\n<p>\"I am convinced that Uruguay is the natural outlet to the sea for Paraguay,\" he said Sunday in his meeting with the Paraguayan head of state. <strong>Mario Abdo Ben\u00edtez.<\/strong><\/p>\n<p>Lacalle highlighted Paraguay's productive growth in recent years, especially in the meat sector, and pointed out that there are enormous possibilities to cooperate in increasing this growth. Both countries are characterized by their agricultural and meat production and these economies can complement each other.<\/p>\n<p>President Lacalle cited as an example of this beneficial relationship, Paraguayan meat exports for the Uruguayan domestic market, considering that Uruguay exports a large part of its production.<\/p>\n<p>In the case of Paraguay, there has been an increase in investments and Uruguayans settling in the country, dedicated to agricultural and livestock production in the Chaco. President Abdo Ben\u00edtez mentioned that 1.8 million hectares and 500,000 head of cattle in the country belong to Uruguayan producers.<\/p>\n<p>Lacalle pointed out that his country \"has a history and vocation of being a port of access and exit for South America, which Paraguay can take advantage of\". The Uruguayan Head of State added that he talked with Abdo Ben\u00edtez about \"the increase of ports and free trade zones available to Paraguay, which will contribute to its economic development\".<\/p>\n<p>\"The installation of ports with Paraguayan products will generate a very positive synergy\", said the Uruguayan president. He also thanked Paraguay for its position within Mercosur of \"not intervening in Uruguay's attempt to open the bloc to new markets\".<\/p>\n<p>President Abdo referred to the opening of the Paraguayan market for new products, such as yerba mate. Both presidents will travel to Itap\u00faa on Sunday to see the production in the department.<\/p>\n<p>Source: PortalPortuario.cl<\/p>","protected":false},"excerpt":{"rendered":"<p>El Presidente de Uruguay, Luis Lacalle Pou, indic\u00f3 que la posici\u00f3n geogr\u00e1fica y vocaci\u00f3n portuaria de su pa\u00eds ser\u00e1n de gran utilidad para que la producci\u00f3n paraguaya crezca en su producci\u00f3n y exportaci\u00f3n.<\/p>","protected":false},"author":1,"featured_media":4993,"comment_status":"open","ping_status":"open","sticky":false,"template":"","format":"standard","meta":{"_jetpack_memberships_contains_paid_content":false,"footnotes":""},"categories":[16,17],"tags":[202,200,206,201],"class_list":["post-5418","post","type-post","status-publish","format-standard","has-post-thumbnail","hentry","category-puertos","category-servicios-maritimos","tag-mercosur","tag-paraguay","tag-servicios-portuarios","tag-uruguay"],"jetpack_featured_media_url":"https:\/\/i0.wp.com\/ums.com.uy\/2022\/mar\/wp-content\/uploads\/2020\/09\/Puerto_de_Montevideo_Cuidad_Vieja_y_Puerto_de_Montevideo_131003-0879-jikatu_10099992434_cropped.jpg?fit=1560%2C963&ssl=1","jetpack_sharing_enabled":true,"_links":{"self":[{"href":"https:\/\/ums.com.uy\/2022\/mar\/en\/wp-json\/wp\/v2\/posts\/5418","targetHints":{"allow":["GET"]}}],"collection":[{"href":"https:\/\/ums.com.uy\/2022\/mar\/en\/wp-json\/wp\/v2\/posts"}],"about":[{"href":"https:\/\/ums.com.uy\/2022\/mar\/en\/wp-json\/wp\/v2\/types\/post"}],"author":[{"embeddable":true,"href":"https:\/\/ums.com.uy\/2022\/mar\/en\/wp-json\/wp\/v2\/users\/1"}],"replies":[{"embeddable":true,"href":"https:\/\/ums.com.uy\/2022\/mar\/en\/wp-json\/wp\/v2\/comments?post=5418"}],"version-history":[{"count":3,"href":"https:\/\/ums.com.uy\/2022\/mar\/en\/wp-json\/wp\/v2\/posts\/5418\/revisions"}],"predecessor-version":[{"id":5426,"href":"https:\/\/ums.com.uy\/2022\/mar\/en\/wp-json\/wp\/v2\/posts\/5418\/revisions\/5426"}],"wp:featuredmedia":[{"embeddable":true,"href":"https:\/\/ums.com.uy\/2022\/mar\/en\/wp-json\/wp\/v2\/media\/4993"}],"wp:attachment":[{"href":"https:\/\/ums.com.uy\/2022\/mar\/en\/wp-json\/wp\/v2\/media?parent=5418"}],"wp:term":[{"taxonomy":"category","embeddable":true,"href":"https:\/\/ums.com.uy\/2022\/mar\/en\/wp-json\/wp\/v2\/categories?post=5418"},{"taxonomy":"post_tag","embeddable":true,"href":"https:\/\/ums.com.uy\/2022\/mar\/en\/wp-json\/wp\/v2\/tags?post=5418"}],"curies":[{"name":"wp","href":"https:\/\/api.w.org\/{rel}","templated":true}]}}