{"id":5352,"date":"2019-12-05T15:52:50","date_gmt":"2019-12-05T18:52:50","guid":{"rendered":"http:\/\/ums.com.uy\/2022\/tierra\/?p=5352"},"modified":"2022-07-05T15:55:52","modified_gmt":"2022-07-05T18:55:52","slug":"incendio-en-predio-de-ruta-56-al-lado-del-parque-eolico","status":"publish","type":"post","link":"https:\/\/ums.com.uy\/2022\/tierra\/en\/2019\/12\/05\/incendio-en-predio-de-ruta-56-al-lado-del-parque-eolico\/","title":{"rendered":"Fire in an area on Route 56 next to the Wind Farm"},"content":{"rendered":"<p>A fire broke out at the power substation located at kilometer 12 of route 56 next to the Wind Farm.<\/p>\n<p>The fire did not affect any buildings or the mills located a few meters away.<\/p>\n<p>Source: CW33<\/p>","protected":false},"excerpt":{"rendered":"<p>Se registr\u00f3 un incendio en el en predio de la subestaci\u00f3n de energ\u00eda ubicado en el kil\u00f3metro 12 de la ruta 56 al lado del Parque E\u00f3lico. El foco \u00edgneo no afect\u00f3 construcciones ni los molinos que se encuentran a pocos metros del mismo. Fuente: CW33<\/p>","protected":false},"author":1,"featured_media":5348,"comment_status":"open","ping_status":"open","sticky":false,"template":"","format":"standard","meta":{"footnotes":""},"categories":[156],"tags":[157,160],"class_list":["post-5352","post","type-post","status-publish","format-standard","has-post-thumbnail","hentry","category-incendio","tag-incendio","tag-parque-eolico"],"_links":{"self":[{"href":"https:\/\/ums.com.uy\/2022\/tierra\/en\/wp-json\/wp\/v2\/posts\/5352","targetHints":{"allow":["GET"]}}],"collection":[{"href":"https:\/\/ums.com.uy\/2022\/tierra\/en\/wp-json\/wp\/v2\/posts"}],"about":[{"href":"https:\/\/ums.com.uy\/2022\/tierra\/en\/wp-json\/wp\/v2\/types\/post"}],"author":[{"embeddable":true,"href":"https:\/\/ums.com.uy\/2022\/tierra\/en\/wp-json\/wp\/v2\/users\/1"}],"replies":[{"embeddable":true,"href":"https:\/\/ums.com.uy\/2022\/tierra\/en\/wp-json\/wp\/v2\/comments?post=5352"}],"version-history":[{"count":0,"href":"https:\/\/ums.com.uy\/2022\/tierra\/en\/wp-json\/wp\/v2\/posts\/5352\/revisions"}],"wp:featuredmedia":[{"embeddable":true,"href":"https:\/\/ums.com.uy\/2022\/tierra\/en\/wp-json\/wp\/v2\/media\/5348"}],"wp:attachment":[{"href":"https:\/\/ums.com.uy\/2022\/tierra\/en\/wp-json\/wp\/v2\/media?parent=5352"}],"wp:term":[{"taxonomy":"category","embeddable":true,"href":"https:\/\/ums.com.uy\/2022\/tierra\/en\/wp-json\/wp\/v2\/categories?post=5352"},{"taxonomy":"post_tag","embeddable":true,"href":"https:\/\/ums.com.uy\/2022\/tierra\/en\/wp-json\/wp\/v2\/tags?post=5352"}],"curies":[{"name":"wp","href":"https:\/\/api.w.org\/{rel}","templated":true}]}}