{"id":5356,"date":"2022-07-05T15:58:43","date_gmt":"2022-07-05T18:58:43","guid":{"rendered":"http:\/\/ums.com.uy\/2022\/tierra\/?p=5356"},"modified":"2022-07-05T15:59:49","modified_gmt":"2022-07-05T18:59:49","slug":"un-omnibus-se-prendio-fuego-en-su-totalidad-en-la-terminal-de-rio-branco","status":"publish","type":"post","link":"https:\/\/ums.com.uy\/2022\/tierra\/en\/2022\/07\/05\/un-omnibus-se-prendio-fuego-en-su-totalidad-en-la-terminal-de-rio-branco\/","title":{"rendered":"A bus caught fire in its entirety at the Rio Branco Bus Terminal."},"content":{"rendered":"<p id=\"p234886-m203-202-204\" class=\"paragraph selectionShareable\">This Monday morning, at the <b>Baltasar Brum Terminal (Rio Branco)<\/b>a bus of the transportation company\u00a0<b>Copsa <\/b>was set on fire in its entirety.<\/p>\n<p id=\"p234886-m208-1-209\" class=\"paragraph selectionShareable\">The Detachment of Centro-Cordon of the <b>Fire Department <\/b>arrived on the scene and managed to extinguish the fire thanks to the collaboration of a tanker truck.<\/p>\n<p id=\"p234886-m213-2-214\" class=\"paragraph selectionShareable\">Although there was a \"generalized fire\" in the bus, according to what Fire Department spokesman Pablo Ben\u00edtez explained to El Pa\u00eds, the good news is that no injuries were reported in the incident.<\/p>\n<p id=\"p234886-m218-3-219\" class=\"paragraph selectionShareable\">The causes that could have started the fire in the vehicle are currently under investigation.<\/p>\n<p>Source: El Pa\u00eds<\/p>","protected":false},"excerpt":{"rendered":"<p>Este lunes en horas de la ma\u00f1ana, en la Terminal Baltasar Brum (R\u00edo Branco), un \u00f3mnibus de la empresa de transporte\u00a0Copsa se prendi\u00f3 fuego en su totalidad. El Destacamento de Centro-Cord\u00f3n de Bomberos acudi\u00f3 al lugar y logr\u00f3 extinguir el fuego gracias a la colaboraci\u00f3n de un cami\u00f3n cisterna. Si bien el \u00f3mnibus registr\u00f3 un \u00abfuego generalizado\u00bb, de acuerdo a lo que explic\u00f3 el vocero de Bomberos Pablo Ben\u00edtez a El Pa\u00eds, la buena noticia es que en el incidente no se registraron heridos. En este momento se investigan las causas que podr\u00edan haber iniciado el fuego en el veh\u00edculo. Fuente: El Pa\u00eds<\/p>","protected":false},"author":1,"featured_media":5344,"comment_status":"open","ping_status":"open","sticky":false,"template":"","format":"standard","meta":{"footnotes":""},"categories":[156],"tags":[157,158,162,159],"class_list":["post-5356","post","type-post","status-publish","format-standard","has-post-thumbnail","hentry","category-incendio","tag-incendio","tag-omnibus","tag-rio-bnanco","tag-terminal"],"_links":{"self":[{"href":"https:\/\/ums.com.uy\/2022\/tierra\/en\/wp-json\/wp\/v2\/posts\/5356","targetHints":{"allow":["GET"]}}],"collection":[{"href":"https:\/\/ums.com.uy\/2022\/tierra\/en\/wp-json\/wp\/v2\/posts"}],"about":[{"href":"https:\/\/ums.com.uy\/2022\/tierra\/en\/wp-json\/wp\/v2\/types\/post"}],"author":[{"embeddable":true,"href":"https:\/\/ums.com.uy\/2022\/tierra\/en\/wp-json\/wp\/v2\/users\/1"}],"replies":[{"embeddable":true,"href":"https:\/\/ums.com.uy\/2022\/tierra\/en\/wp-json\/wp\/v2\/comments?post=5356"}],"version-history":[{"count":0,"href":"https:\/\/ums.com.uy\/2022\/tierra\/en\/wp-json\/wp\/v2\/posts\/5356\/revisions"}],"wp:featuredmedia":[{"embeddable":true,"href":"https:\/\/ums.com.uy\/2022\/tierra\/en\/wp-json\/wp\/v2\/media\/5344"}],"wp:attachment":[{"href":"https:\/\/ums.com.uy\/2022\/tierra\/en\/wp-json\/wp\/v2\/media?parent=5356"}],"wp:term":[{"taxonomy":"category","embeddable":true,"href":"https:\/\/ums.com.uy\/2022\/tierra\/en\/wp-json\/wp\/v2\/categories?post=5356"},{"taxonomy":"post_tag","embeddable":true,"href":"https:\/\/ums.com.uy\/2022\/tierra\/en\/wp-json\/wp\/v2\/tags?post=5356"}],"curies":[{"name":"wp","href":"https:\/\/api.w.org\/{rel}","templated":true}]}}